{"id":12089,"date":"2015-12-06T11:17:30","date_gmt":"2015-12-06T10:17:30","guid":{"rendered":"https:\/\/www.usca.es\/en\/?p=12089"},"modified":"2015-12-10T11:20:34","modified_gmt":"2015-12-10T10:20:34","slug":"el-gobierno-cerro-el-espacio-aereo-porque-quiso-los-controladores-no-dejaron-su-puesto","status":"publish","type":"post","link":"https:\/\/www.usca.es\/en\/el-gobierno-cerro-el-espacio-aereo-porque-quiso-los-controladores-no-dejaron-su-puesto\/","title":{"rendered":"\u00abEl Gobierno cerr\u00f3 el espacio a\u00e9reo porque quiso, los controladores no dejaron su puesto\u00bb"},"content":{"rendered":"<p>En el quinto aniversario del caos que atrap\u00f3 a 600.000 viajeros, Cabo, adscrito durante un a\u00f1o a la torre de control de Asturias, insiste en que el Gobierno falt\u00f3 a la verdad. El juez V\u00e1zquez Ta\u00edn, el del &#8216;caso Asunta&#8217;, piensa como \u00e9l. Y lo ha firmado en una sentencia.<\/p>\n<a href=\"http:\/\/www.elcomercio.es\/asturias\/201512\/06\/gobierno-cerro-espacio-aereo-20151206003632-v.html\" target=\"_self\" class=\"gdl-button shortcode-medium-button\" style=\"color:#COLOR_CODE; background-color:#COLOR_CODE; border-color:; \">Ver noticia<\/a>\n","protected":false},"excerpt":{"rendered":"<p>En el quinto aniversario del caos que atrap\u00f3 a 600.000 viajeros, Cabo, adscrito durante un a\u00f1o a la torre de control de Asturias, insiste en que el Gobierno falt\u00f3 a la verdad. El juez V\u00e1zquez&#8230;<\/p>\n","protected":false},"author":13,"featured_media":12092,"comment_status":"open","ping_status":"open","sticky":false,"template":"","format":"standard","meta":[],"categories":[271],"tags":[54,48,295,288,289],"acf":[],"_links":{"self":[{"href":"https:\/\/www.usca.es\/en\/wp-json\/wp\/v2\/posts\/12089"}],"collection":[{"href":"https:\/\/www.usca.es\/en\/wp-json\/wp\/v2\/posts"}],"about":[{"href":"https:\/\/www.usca.es\/en\/wp-json\/wp\/v2\/types\/post"}],"author":[{"embeddable":true,"href":"https:\/\/www.usca.es\/en\/wp-json\/wp\/v2\/users\/13"}],"replies":[{"embeddable":true,"href":"https:\/\/www.usca.es\/en\/wp-json\/wp\/v2\/comments?post=12089"}],"version-history":[{"count":1,"href":"https:\/\/www.usca.es\/en\/wp-json\/wp\/v2\/posts\/12089\/revisions"}],"predecessor-version":[{"id":12091,"href":"https:\/\/www.usca.es\/en\/wp-json\/wp\/v2\/posts\/12089\/revisions\/12091"}],"wp:featuredmedia":[{"embeddable":true,"href":"https:\/\/www.usca.es\/en\/wp-json\/wp\/v2\/media\/12092"}],"wp:attachment":[{"href":"https:\/\/www.usca.es\/en\/wp-json\/wp\/v2\/media?parent=12089"}],"wp:term":[{"taxonomy":"category","embeddable":true,"href":"https:\/\/www.usca.es\/en\/wp-json\/wp\/v2\/categories?post=12089"},{"taxonomy":"post_tag","embeddable":true,"href":"https:\/\/www.usca.es\/en\/wp-json\/wp\/v2\/tags?post=12089"}],"curies":[{"name":"wp","href":"https:\/\/api.w.org\/{rel}","templated":true}]}}